{"id":867,"date":"2025-12-27T18:46:54","date_gmt":"2025-12-27T18:46:54","guid":{"rendered":"https:\/\/www.dycker-alpakas.de\/?p=867"},"modified":"2025-12-27T18:46:54","modified_gmt":"2025-12-27T18:46:54","slug":"ugor-urmel","status":"publish","type":"post","link":"https:\/\/www.dycker-alpakas.de\/?p=867","title":{"rendered":"Ugor Urmel"},"content":{"rendered":"\n<div class=\"wp-block-media-text is-stacked-on-mobile\"><figure class=\"wp-block-media-text__media\"><img loading=\"lazy\" decoding=\"async\" width=\"768\" height=\"1024\" src=\"https:\/\/www.dycker-alpakas.de\/wp-content\/uploads\/2025\/12\/Urmel-1-1-768x1024.jpg\" alt=\"\" class=\"wp-image-869 size-full\" srcset=\"https:\/\/www.dycker-alpakas.de\/wp-content\/uploads\/2025\/12\/Urmel-1-1-768x1024.jpg 768w, https:\/\/www.dycker-alpakas.de\/wp-content\/uploads\/2025\/12\/Urmel-1-1-225x300.jpg 225w, https:\/\/www.dycker-alpakas.de\/wp-content\/uploads\/2025\/12\/Urmel-1-1-1152x1536.jpg 1152w, https:\/\/www.dycker-alpakas.de\/wp-content\/uploads\/2025\/12\/Urmel-1-1-1536x2048.jpg 1536w, https:\/\/www.dycker-alpakas.de\/wp-content\/uploads\/2025\/12\/Urmel-1-1-1200x1600.jpg 1200w, https:\/\/www.dycker-alpakas.de\/wp-content\/uploads\/2025\/12\/Urmel-1-1-1980x2640.jpg 1980w, https:\/\/www.dycker-alpakas.de\/wp-content\/uploads\/2025\/12\/Urmel-1-1-600x800.jpg 600w, https:\/\/www.dycker-alpakas.de\/wp-content\/uploads\/2025\/12\/Urmel-1-1-scaled.jpg 1920w\" sizes=\"auto, (max-width: 768px) 100vw, 768px\" \/><\/figure><div class=\"wp-block-media-text__content\">\n<p><strong>Classic-Lama<\/strong><\/p>\n\n\n\n<p><strong>Geburtsdatum: 18.Mai 2024<\/strong><\/p>\n\n\n\n<p>Ich bin ein richtiger Teenager und muss noch viel lernen und Entdecken. Ich habe, wie man so sch\u00f6n sagt \u201eein richtiges Baby-Face\u201c. Das Vertrauen zu meinen Artgenossen und Menschen muss ich noch gewinnen. Aber das ist ganz normal, da ich noch sehr jung bin und erst ein paar Wochen in meinem neuen Zuhause wohne. Ich habe in Manolo einen gro\u00dfen Bruder gefunden, bei Ihm kann ich mir viel abschauen und habe mit Ihm gemeinsam beim Wandern schon einiges an Selbstbewusstsein gewonnen. Wenn wir Besuch bekommen, zeige ich mich schon sehr neugierig und komme mit den anderen Jungs unsere G\u00e4ste begr\u00fc\u00dfen.<\/p>\n<\/div><\/div>\n\n\n\n<div class=\"wp-block-buttons is-layout-flex wp-block-buttons-is-layout-flex\">\n<div class=\"wp-block-button\"><a class=\"wp-block-button__link wp-element-button\" href=\"http:\/\/dycker-alpakas.de\/?p=207\">N\u00e4chster Gef\u00e4hrte<\/a><\/div>\n\n\n\n<div class=\"wp-block-button\"><a class=\"wp-block-button__link wp-element-button\" href=\"http:\/\/dycker-alpakas.de\/?p=268\">Zur Patenschaft<\/a><\/div>\n<\/div>\n","protected":false},"excerpt":{"rendered":"<p>Classic-Lama Geburtsdatum: 18.Mai 2024 Ich bin ein richtiger Teenager und muss noch viel lernen und Entdecken. Ich habe, wie man so sch\u00f6n sagt \u201eein richtiges Baby-Face\u201c. Das Vertrauen zu meinen Artgenossen und Menschen muss ich noch gewinnen. Aber das ist ganz normal, da ich noch sehr jung bin und erst ein paar Wochen in meinem [&hellip;]<\/p>\n","protected":false},"author":1,"featured_media":0,"comment_status":"closed","ping_status":"","sticky":false,"template":"","format":"standard","meta":{"footnotes":""},"categories":[1],"tags":[],"class_list":["post-867","post","type-post","status-publish","format-standard","hentry","category-unsere-gefaehrten"],"_links":{"self":[{"href":"https:\/\/www.dycker-alpakas.de\/index.php?rest_route=\/wp\/v2\/posts\/867","targetHints":{"allow":["GET"]}}],"collection":[{"href":"https:\/\/www.dycker-alpakas.de\/index.php?rest_route=\/wp\/v2\/posts"}],"about":[{"href":"https:\/\/www.dycker-alpakas.de\/index.php?rest_route=\/wp\/v2\/types\/post"}],"author":[{"embeddable":true,"href":"https:\/\/www.dycker-alpakas.de\/index.php?rest_route=\/wp\/v2\/users\/1"}],"replies":[{"embeddable":true,"href":"https:\/\/www.dycker-alpakas.de\/index.php?rest_route=%2Fwp%2Fv2%2Fcomments&post=867"}],"version-history":[{"count":3,"href":"https:\/\/www.dycker-alpakas.de\/index.php?rest_route=\/wp\/v2\/posts\/867\/revisions"}],"predecessor-version":[{"id":873,"href":"https:\/\/www.dycker-alpakas.de\/index.php?rest_route=\/wp\/v2\/posts\/867\/revisions\/873"}],"wp:attachment":[{"href":"https:\/\/www.dycker-alpakas.de\/index.php?rest_route=%2Fwp%2Fv2%2Fmedia&parent=867"}],"wp:term":[{"taxonomy":"category","embeddable":true,"href":"https:\/\/www.dycker-alpakas.de\/index.php?rest_route=%2Fwp%2Fv2%2Fcategories&post=867"},{"taxonomy":"post_tag","embeddable":true,"href":"https:\/\/www.dycker-alpakas.de\/index.php?rest_route=%2Fwp%2Fv2%2Ftags&post=867"}],"curies":[{"name":"wp","href":"https:\/\/api.w.org\/{rel}","templated":true}]}}