{"id":652,"date":"2025-01-03T17:45:33","date_gmt":"2025-01-03T17:45:33","guid":{"rendered":"https:\/\/www.dycker-alpakas.de\/?p=652"},"modified":"2025-12-27T19:03:16","modified_gmt":"2025-12-27T19:03:16","slug":"sokrates","status":"publish","type":"post","link":"https:\/\/www.dycker-alpakas.de\/?p=652","title":{"rendered":"Sokrates"},"content":{"rendered":"\n<div class=\"wp-block-media-text is-stacked-on-mobile\"><figure class=\"wp-block-media-text__media\"><img loading=\"lazy\" decoding=\"async\" width=\"768\" height=\"1024\" src=\"https:\/\/www.dycker-alpakas.de\/wp-content\/uploads\/2025\/01\/IMG_20241223_134629-768x1024.jpg\" alt=\"\" class=\"wp-image-653 size-full\" srcset=\"https:\/\/www.dycker-alpakas.de\/wp-content\/uploads\/2025\/01\/IMG_20241223_134629-768x1024.jpg 768w, https:\/\/www.dycker-alpakas.de\/wp-content\/uploads\/2025\/01\/IMG_20241223_134629-225x300.jpg 225w, https:\/\/www.dycker-alpakas.de\/wp-content\/uploads\/2025\/01\/IMG_20241223_134629-1152x1536.jpg 1152w, https:\/\/www.dycker-alpakas.de\/wp-content\/uploads\/2025\/01\/IMG_20241223_134629-1536x2048.jpg 1536w, https:\/\/www.dycker-alpakas.de\/wp-content\/uploads\/2025\/01\/IMG_20241223_134629-1200x1600.jpg 1200w, https:\/\/www.dycker-alpakas.de\/wp-content\/uploads\/2025\/01\/IMG_20241223_134629-1980x2640.jpg 1980w, https:\/\/www.dycker-alpakas.de\/wp-content\/uploads\/2025\/01\/IMG_20241223_134629-600x800.jpg 600w, https:\/\/www.dycker-alpakas.de\/wp-content\/uploads\/2025\/01\/IMG_20241223_134629-scaled.jpg 1920w\" sizes=\"auto, (max-width: 768px) 100vw, 768px\" \/><\/figure><div class=\"wp-block-media-text__content\">\n<p><strong>Huacaya Alpaka<\/strong><\/p>\n\n\n\n<p><strong>Geburtsdatum: 09.07.2013<\/strong><\/p>\n\n\n\n<p>Ich bin der gem\u00fctlichste von meinen Jungs. Mann k\u00f6nnte auch sagen ein richtiger Couch-Potatoe Meine Position beim wandern ist deshalb ganz zum Schluss. Da lasse ich mir sehr gerne viel Zeit. Wasser finde ich toll, du darfst mich im Sommer gerne abduschen. Ich lege mich auch schon mal pl\u00f6tzlich in Pf\u00fctzen, dann m\u00f6chte ich aber meistens nicht mehr aufstehen. Mit meinem Kumpel Amaru gehe ich ganz viele nette Menschen in sozialen Einrichtungen besuchen. <\/p>\n<\/div><\/div>\n\n\n\n<div class=\"wp-block-buttons is-layout-flex wp-block-buttons-is-layout-flex\">\n<div class=\"wp-block-button\"><a class=\"wp-block-button__link wp-element-button\" href=\"?p=268\">Zur Patenschaft<\/a><\/div>\n<\/div>\n\n\n\n<p><\/p>\n","protected":false},"excerpt":{"rendered":"<p>Huacaya Alpaka Geburtsdatum: 09.07.2013 Ich bin der gem\u00fctlichste von meinen Jungs. Mann k\u00f6nnte auch sagen ein richtiger Couch-Potatoe Meine Position beim wandern ist deshalb ganz zum Schluss. Da lasse ich mir sehr gerne viel Zeit. Wasser finde ich toll, du darfst mich im Sommer gerne abduschen. Ich lege mich auch schon mal pl\u00f6tzlich in Pf\u00fctzen, [&hellip;]<\/p>\n","protected":false},"author":1,"featured_media":0,"comment_status":"closed","ping_status":"","sticky":false,"template":"","format":"standard","meta":{"footnotes":""},"categories":[1],"tags":[],"class_list":["post-652","post","type-post","status-publish","format-standard","hentry","category-unsere-gefaehrten"],"_links":{"self":[{"href":"https:\/\/www.dycker-alpakas.de\/index.php?rest_route=\/wp\/v2\/posts\/652","targetHints":{"allow":["GET"]}}],"collection":[{"href":"https:\/\/www.dycker-alpakas.de\/index.php?rest_route=\/wp\/v2\/posts"}],"about":[{"href":"https:\/\/www.dycker-alpakas.de\/index.php?rest_route=\/wp\/v2\/types\/post"}],"author":[{"embeddable":true,"href":"https:\/\/www.dycker-alpakas.de\/index.php?rest_route=\/wp\/v2\/users\/1"}],"replies":[{"embeddable":true,"href":"https:\/\/www.dycker-alpakas.de\/index.php?rest_route=%2Fwp%2Fv2%2Fcomments&post=652"}],"version-history":[{"count":8,"href":"https:\/\/www.dycker-alpakas.de\/index.php?rest_route=\/wp\/v2\/posts\/652\/revisions"}],"predecessor-version":[{"id":877,"href":"https:\/\/www.dycker-alpakas.de\/index.php?rest_route=\/wp\/v2\/posts\/652\/revisions\/877"}],"wp:attachment":[{"href":"https:\/\/www.dycker-alpakas.de\/index.php?rest_route=%2Fwp%2Fv2%2Fmedia&parent=652"}],"wp:term":[{"taxonomy":"category","embeddable":true,"href":"https:\/\/www.dycker-alpakas.de\/index.php?rest_route=%2Fwp%2Fv2%2Fcategories&post=652"},{"taxonomy":"post_tag","embeddable":true,"href":"https:\/\/www.dycker-alpakas.de\/index.php?rest_route=%2Fwp%2Fv2%2Ftags&post=652"}],"curies":[{"name":"wp","href":"https:\/\/api.w.org\/{rel}","templated":true}]}}