{"id":233,"date":"2022-10-07T20:36:57","date_gmt":"2022-10-07T20:36:57","guid":{"rendered":"http:\/\/dycker-alpakas.de\/?p=233"},"modified":"2023-12-29T20:24:40","modified_gmt":"2023-12-29T20:24:40","slug":"yurak","status":"publish","type":"post","link":"https:\/\/www.dycker-alpakas.de\/?p=233","title":{"rendered":"Yurak"},"content":{"rendered":"\n<div class=\"wp-block-media-text alignwide is-stacked-on-mobile\"><figure class=\"wp-block-media-text__media\"><img loading=\"lazy\" decoding=\"async\" width=\"882\" height=\"1024\" src=\"http:\/\/dycker-alpakas.de\/wp-content\/uploads\/2022\/10\/IMG_8151_inPixio-882x1024.jpg\" alt=\"\" class=\"wp-image-234 size-full\" srcset=\"https:\/\/www.dycker-alpakas.de\/wp-content\/uploads\/2022\/10\/IMG_8151_inPixio-882x1024.jpg 882w, https:\/\/www.dycker-alpakas.de\/wp-content\/uploads\/2022\/10\/IMG_8151_inPixio-scaled-600x696.jpg 600w, https:\/\/www.dycker-alpakas.de\/wp-content\/uploads\/2022\/10\/IMG_8151_inPixio-259x300.jpg 259w, https:\/\/www.dycker-alpakas.de\/wp-content\/uploads\/2022\/10\/IMG_8151_inPixio-768x891.jpg 768w, https:\/\/www.dycker-alpakas.de\/wp-content\/uploads\/2022\/10\/IMG_8151_inPixio-1324x1536.jpg 1324w, https:\/\/www.dycker-alpakas.de\/wp-content\/uploads\/2022\/10\/IMG_8151_inPixio-1765x2048.jpg 1765w, https:\/\/www.dycker-alpakas.de\/wp-content\/uploads\/2022\/10\/IMG_8151_inPixio-1200x1393.jpg 1200w, https:\/\/www.dycker-alpakas.de\/wp-content\/uploads\/2022\/10\/IMG_8151_inPixio-1980x2298.jpg 1980w\" sizes=\"auto, (max-width: 882px) 100vw, 882px\" \/><\/figure><div class=\"wp-block-media-text__content\">\n<p><strong>Huacaya Alpaka<\/strong><\/p>\n\n\n\n<p><strong>Geburtsdatum: 06 Juli 2019<\/strong> <\/p>\n\n\n\n<p>Von den Alpakas bin ich der gr\u00f6\u00dfte und habe richtige Fransen an meinen Ohren h\u00e4ngen. Das macht mich besonders h\u00fcbsch. Emotionen zeige ich sehr ausgepr\u00e4gt. Wenn mir etwas nicht gef\u00e4llt, beim Fressen, kann ich richtig laut quieken. Ich erschrecke mich viel schneller als meine Kumpels und gehe lieber auf Abstand. Wenn du mit mir eine Aktivit\u00e4t durchf\u00fchren m\u00f6chtest, musst du das sehr einf\u00fchlsam machen, dann kann ich auch stillhalten und gebe dir vorsichtig ein K\u00fcsschen. Genie\u00dfen kann ich auch sehr gut beim Wandern, da lege ich mich gerne hin und w\u00e4lze mich ausgiebig. Wasser finde ich auch Klasse!<\/p>\n<\/div><\/div>\n\n\n\n<div class=\"wp-block-buttons is-layout-flex wp-block-buttons-is-layout-flex\">\n<div class=\"wp-block-button\"><a class=\"wp-block-button__link\" href=\"http:\/\/dycker-alpakas.de\/?p=403\">N\u00e4chster gef\u00e4hrte<\/a><\/div>\n\n\n\n<div class=\"wp-block-button\"><a class=\"wp-block-button__link\" href=\"http:\/\/dycker-alpakas.de\/?p=268\">zur patenschaft<\/a><\/div>\n<\/div>\n","protected":false},"excerpt":{"rendered":"<p>Huacaya Alpaka Geburtsdatum: 06 Juli 2019 Von den Alpakas bin ich der gr\u00f6\u00dfte und habe richtige Fransen an meinen Ohren h\u00e4ngen. Das macht mich besonders h\u00fcbsch. Emotionen zeige ich sehr ausgepr\u00e4gt. Wenn mir etwas nicht gef\u00e4llt, beim Fressen, kann ich richtig laut quieken. Ich erschrecke mich viel schneller als meine Kumpels und gehe lieber auf [&hellip;]<\/p>\n","protected":false},"author":1,"featured_media":0,"comment_status":"closed","ping_status":"","sticky":false,"template":"","format":"standard","meta":{"footnotes":""},"categories":[1],"tags":[],"class_list":["post-233","post","type-post","status-publish","format-standard","hentry","category-unsere-gefaehrten"],"_links":{"self":[{"href":"https:\/\/www.dycker-alpakas.de\/index.php?rest_route=\/wp\/v2\/posts\/233","targetHints":{"allow":["GET"]}}],"collection":[{"href":"https:\/\/www.dycker-alpakas.de\/index.php?rest_route=\/wp\/v2\/posts"}],"about":[{"href":"https:\/\/www.dycker-alpakas.de\/index.php?rest_route=\/wp\/v2\/types\/post"}],"author":[{"embeddable":true,"href":"https:\/\/www.dycker-alpakas.de\/index.php?rest_route=\/wp\/v2\/users\/1"}],"replies":[{"embeddable":true,"href":"https:\/\/www.dycker-alpakas.de\/index.php?rest_route=%2Fwp%2Fv2%2Fcomments&post=233"}],"version-history":[{"count":7,"href":"https:\/\/www.dycker-alpakas.de\/index.php?rest_route=\/wp\/v2\/posts\/233\/revisions"}],"predecessor-version":[{"id":418,"href":"https:\/\/www.dycker-alpakas.de\/index.php?rest_route=\/wp\/v2\/posts\/233\/revisions\/418"}],"wp:attachment":[{"href":"https:\/\/www.dycker-alpakas.de\/index.php?rest_route=%2Fwp%2Fv2%2Fmedia&parent=233"}],"wp:term":[{"taxonomy":"category","embeddable":true,"href":"https:\/\/www.dycker-alpakas.de\/index.php?rest_route=%2Fwp%2Fv2%2Fcategories&post=233"},{"taxonomy":"post_tag","embeddable":true,"href":"https:\/\/www.dycker-alpakas.de\/index.php?rest_route=%2Fwp%2Fv2%2Ftags&post=233"}],"curies":[{"name":"wp","href":"https:\/\/api.w.org\/{rel}","templated":true}]}}