{"id":229,"date":"2022-10-07T20:33:26","date_gmt":"2022-10-07T20:33:26","guid":{"rendered":"http:\/\/dycker-alpakas.de\/?p=229"},"modified":"2023-12-29T20:04:11","modified_gmt":"2023-12-29T20:04:11","slug":"pico","status":"publish","type":"post","link":"https:\/\/www.dycker-alpakas.de\/?p=229","title":{"rendered":"Pico"},"content":{"rendered":"\n<div class=\"wp-block-media-text alignwide is-stacked-on-mobile\"><figure class=\"wp-block-media-text__media\"><img loading=\"lazy\" decoding=\"async\" width=\"683\" height=\"1024\" src=\"http:\/\/dycker-alpakas.de\/wp-content\/uploads\/2023\/12\/IMG_8597_inPixio-683x1024.jpg\" alt=\"\" class=\"wp-image-407 size-full\" srcset=\"https:\/\/www.dycker-alpakas.de\/wp-content\/uploads\/2023\/12\/IMG_8597_inPixio-683x1024.jpg 683w, https:\/\/www.dycker-alpakas.de\/wp-content\/uploads\/2023\/12\/IMG_8597_inPixio-600x900.jpg 600w, https:\/\/www.dycker-alpakas.de\/wp-content\/uploads\/2023\/12\/IMG_8597_inPixio-200x300.jpg 200w, https:\/\/www.dycker-alpakas.de\/wp-content\/uploads\/2023\/12\/IMG_8597_inPixio-768x1152.jpg 768w, https:\/\/www.dycker-alpakas.de\/wp-content\/uploads\/2023\/12\/IMG_8597_inPixio-1024x1536.jpg 1024w, https:\/\/www.dycker-alpakas.de\/wp-content\/uploads\/2023\/12\/IMG_8597_inPixio-1365x2048.jpg 1365w, https:\/\/www.dycker-alpakas.de\/wp-content\/uploads\/2023\/12\/IMG_8597_inPixio-1200x1800.jpg 1200w, https:\/\/www.dycker-alpakas.de\/wp-content\/uploads\/2023\/12\/IMG_8597_inPixio.jpg 1683w\" sizes=\"auto, (max-width: 683px) 100vw, 683px\" \/><\/figure><div class=\"wp-block-media-text__content\">\n<p><strong>Huacaya Alpaka<\/strong><\/p>\n\n\n\n<p><strong>Geburtsdatum: 31 August 2019<\/strong> <\/p>\n\n\n\n<p>Ich bin der kleinste in unserer Herde, aber schon komplett ausgewachsen. Bei Wanderungen gehe ich gerne als Schlusslicht. In der Herde bin ich manchmal gerne f\u00fcr mich allein und gehe Streit lieber aus dem Weg. Mit kleinen K\u00fcsschen und meinen gro\u00dfen Kulleraugen, kann ich dich sehr schnell verzaubern. Beim fressen bin ich etwas penibel und mag es nicht so gerne, wenn jemand anderes von meinen Kumpels aus der Schale gefressen hat.<\/p>\n<\/div><\/div>\n\n\n\n<div class=\"wp-block-buttons is-layout-flex wp-block-buttons-is-layout-flex\">\n<div class=\"wp-block-button\"><a class=\"wp-block-button__link\" href=\"http:\/\/dycker-alpakas.de\/?p=233\">n\u00e4chster gef\u00e4hrte<\/a><\/div>\n\n\n\n<div class=\"wp-block-button\"><a class=\"wp-block-button__link\" href=\"http:\/\/dycker-alpakas.de\/?p=268\">zur patenschaft<\/a><\/div>\n<\/div>\n","protected":false},"excerpt":{"rendered":"<p>Huacaya Alpaka Geburtsdatum: 31 August 2019 Ich bin der kleinste in unserer Herde, aber schon komplett ausgewachsen. Bei Wanderungen gehe ich gerne als Schlusslicht. In der Herde bin ich manchmal gerne f\u00fcr mich allein und gehe Streit lieber aus dem Weg. Mit kleinen K\u00fcsschen und meinen gro\u00dfen Kulleraugen, kann ich dich sehr schnell verzaubern. Beim [&hellip;]<\/p>\n","protected":false},"author":1,"featured_media":0,"comment_status":"closed","ping_status":"","sticky":false,"template":"","format":"standard","meta":{"footnotes":""},"categories":[1],"tags":[],"class_list":["post-229","post","type-post","status-publish","format-standard","hentry","category-unsere-gefaehrten"],"_links":{"self":[{"href":"https:\/\/www.dycker-alpakas.de\/index.php?rest_route=\/wp\/v2\/posts\/229","targetHints":{"allow":["GET"]}}],"collection":[{"href":"https:\/\/www.dycker-alpakas.de\/index.php?rest_route=\/wp\/v2\/posts"}],"about":[{"href":"https:\/\/www.dycker-alpakas.de\/index.php?rest_route=\/wp\/v2\/types\/post"}],"author":[{"embeddable":true,"href":"https:\/\/www.dycker-alpakas.de\/index.php?rest_route=\/wp\/v2\/users\/1"}],"replies":[{"embeddable":true,"href":"https:\/\/www.dycker-alpakas.de\/index.php?rest_route=%2Fwp%2Fv2%2Fcomments&post=229"}],"version-history":[{"count":4,"href":"https:\/\/www.dycker-alpakas.de\/index.php?rest_route=\/wp\/v2\/posts\/229\/revisions"}],"predecessor-version":[{"id":408,"href":"https:\/\/www.dycker-alpakas.de\/index.php?rest_route=\/wp\/v2\/posts\/229\/revisions\/408"}],"wp:attachment":[{"href":"https:\/\/www.dycker-alpakas.de\/index.php?rest_route=%2Fwp%2Fv2%2Fmedia&parent=229"}],"wp:term":[{"taxonomy":"category","embeddable":true,"href":"https:\/\/www.dycker-alpakas.de\/index.php?rest_route=%2Fwp%2Fv2%2Fcategories&post=229"},{"taxonomy":"post_tag","embeddable":true,"href":"https:\/\/www.dycker-alpakas.de\/index.php?rest_route=%2Fwp%2Fv2%2Ftags&post=229"}],"curies":[{"name":"wp","href":"https:\/\/api.w.org\/{rel}","templated":true}]}}