{"id":225,"date":"2022-10-07T20:30:21","date_gmt":"2022-10-07T20:30:21","guid":{"rendered":"http:\/\/dycker-alpakas.de\/?p=225"},"modified":"2024-10-17T17:18:06","modified_gmt":"2024-10-17T17:18:06","slug":"olaf","status":"publish","type":"post","link":"https:\/\/www.dycker-alpakas.de\/?p=225","title":{"rendered":"Manolo"},"content":{"rendered":"\n<div class=\"wp-block-media-text alignwide is-stacked-on-mobile\"><figure class=\"wp-block-media-text__media\"><img loading=\"lazy\" decoding=\"async\" width=\"683\" height=\"1024\" src=\"https:\/\/www.dycker-alpakas.de\/wp-content\/uploads\/2024\/10\/IMG_8679-1-683x1024.jpg\" alt=\"\" class=\"wp-image-500 size-full\" srcset=\"https:\/\/www.dycker-alpakas.de\/wp-content\/uploads\/2024\/10\/IMG_8679-1-683x1024.jpg 683w, https:\/\/www.dycker-alpakas.de\/wp-content\/uploads\/2024\/10\/IMG_8679-1-scaled-600x900.jpg 600w, https:\/\/www.dycker-alpakas.de\/wp-content\/uploads\/2024\/10\/IMG_8679-1-200x300.jpg 200w, https:\/\/www.dycker-alpakas.de\/wp-content\/uploads\/2024\/10\/IMG_8679-1-768x1152.jpg 768w, https:\/\/www.dycker-alpakas.de\/wp-content\/uploads\/2024\/10\/IMG_8679-1-1024x1536.jpg 1024w, https:\/\/www.dycker-alpakas.de\/wp-content\/uploads\/2024\/10\/IMG_8679-1-1365x2048.jpg 1365w, https:\/\/www.dycker-alpakas.de\/wp-content\/uploads\/2024\/10\/IMG_8679-1-1200x1800.jpg 1200w, https:\/\/www.dycker-alpakas.de\/wp-content\/uploads\/2024\/10\/IMG_8679-1-1980x2970.jpg 1980w, https:\/\/www.dycker-alpakas.de\/wp-content\/uploads\/2024\/10\/IMG_8679-1-scaled.jpg 1707w\" sizes=\"auto, (max-width: 683px) 100vw, 683px\" \/><\/figure><div class=\"wp-block-media-text__content\">\n<p><strong>Wooly Lama<\/strong><\/p>\n\n\n\n<p><strong>Geburtsdatum:  18. September 2018<\/strong><\/p>\n\n\n\n<p>Ich bin sehr ruhig und gelassen und verzaubere dich gerne mit meinem L\u00e4cheln im Gesicht. Bei Wanderungen f\u00fchre ich meine Herde sehr gerne an, dabei wechsel ich mich schon mal mit meinem Alpakakumpel Kalimero ab. Ich stelle mich sehr gerne auf den H\u00fcgel, der sich bei uns mitten auf der Weide befindet. Im Moment \u00fcbe ich das b\u00fcrsten \u00fcber meine Wolle an mir, das klappt schon ganz gut. Manchmal kann ich auch ein Dickkopf sein und dir genau zeigen, wann ich etwas m\u00f6chte oder nicht. Aber wenn ich dich ganz toll finde, komme ich mit meinem Gesicht sehr nahe und ber\u00fchre dich mit meiner Schnauze. <\/p>\n<\/div><\/div>\n\n\n\n<div class=\"wp-block-buttons is-layout-flex wp-block-buttons-is-layout-flex\">\n<div class=\"wp-block-button\"><a class=\"wp-block-button__link\" href=\"http:\/\/dycker-alpakas.de\/?p=229\">n\u00e4chster gef\u00e4hrte<\/a><\/div>\n\n\n\n<div class=\"wp-block-button\"><a class=\"wp-block-button__link\" href=\"http:\/\/dycker-alpakas.de\/?p=268\">zur patenschaft<\/a><\/div>\n<\/div>\n","protected":false},"excerpt":{"rendered":"<p>Wooly Lama Geburtsdatum: 18. September 2018 Ich bin sehr ruhig und gelassen und verzaubere dich gerne mit meinem L\u00e4cheln im Gesicht. Bei Wanderungen f\u00fchre ich meine Herde sehr gerne an, dabei wechsel ich mich schon mal mit meinem Alpakakumpel Kalimero ab. Ich stelle mich sehr gerne auf den H\u00fcgel, der sich bei uns mitten auf [&hellip;]<\/p>\n","protected":false},"author":1,"featured_media":0,"comment_status":"closed","ping_status":"","sticky":false,"template":"","format":"standard","meta":{"footnotes":""},"categories":[1],"tags":[],"class_list":["post-225","post","type-post","status-publish","format-standard","hentry","category-unsere-gefaehrten"],"_links":{"self":[{"href":"https:\/\/www.dycker-alpakas.de\/index.php?rest_route=\/wp\/v2\/posts\/225","targetHints":{"allow":["GET"]}}],"collection":[{"href":"https:\/\/www.dycker-alpakas.de\/index.php?rest_route=\/wp\/v2\/posts"}],"about":[{"href":"https:\/\/www.dycker-alpakas.de\/index.php?rest_route=\/wp\/v2\/types\/post"}],"author":[{"embeddable":true,"href":"https:\/\/www.dycker-alpakas.de\/index.php?rest_route=\/wp\/v2\/users\/1"}],"replies":[{"embeddable":true,"href":"https:\/\/www.dycker-alpakas.de\/index.php?rest_route=%2Fwp%2Fv2%2Fcomments&post=225"}],"version-history":[{"count":8,"href":"https:\/\/www.dycker-alpakas.de\/index.php?rest_route=\/wp\/v2\/posts\/225\/revisions"}],"predecessor-version":[{"id":502,"href":"https:\/\/www.dycker-alpakas.de\/index.php?rest_route=\/wp\/v2\/posts\/225\/revisions\/502"}],"wp:attachment":[{"href":"https:\/\/www.dycker-alpakas.de\/index.php?rest_route=%2Fwp%2Fv2%2Fmedia&parent=225"}],"wp:term":[{"taxonomy":"category","embeddable":true,"href":"https:\/\/www.dycker-alpakas.de\/index.php?rest_route=%2Fwp%2Fv2%2Fcategories&post=225"},{"taxonomy":"post_tag","embeddable":true,"href":"https:\/\/www.dycker-alpakas.de\/index.php?rest_route=%2Fwp%2Fv2%2Ftags&post=225"}],"curies":[{"name":"wp","href":"https:\/\/api.w.org\/{rel}","templated":true}]}}