{"id":211,"date":"2022-10-07T20:19:30","date_gmt":"2022-10-07T20:19:30","guid":{"rendered":"http:\/\/dycker-alpakas.de\/?p=211"},"modified":"2025-01-23T17:36:21","modified_gmt":"2025-01-23T17:36:21","slug":"amaru","status":"publish","type":"post","link":"https:\/\/www.dycker-alpakas.de\/?p=211","title":{"rendered":"Amaru"},"content":{"rendered":"\n<div class=\"wp-block-media-text alignwide is-stacked-on-mobile\"><figure class=\"wp-block-media-text__media\"><img loading=\"lazy\" decoding=\"async\" width=\"768\" height=\"1024\" src=\"http:\/\/dycker-alpakas.de\/wp-content\/uploads\/2022\/10\/IMG-20210402-WA0009-768x1024.jpg\" alt=\"\" class=\"wp-image-260 size-full\" srcset=\"https:\/\/www.dycker-alpakas.de\/wp-content\/uploads\/2022\/10\/IMG-20210402-WA0009-768x1024.jpg 768w, https:\/\/www.dycker-alpakas.de\/wp-content\/uploads\/2022\/10\/IMG-20210402-WA0009-600x800.jpg 600w, https:\/\/www.dycker-alpakas.de\/wp-content\/uploads\/2022\/10\/IMG-20210402-WA0009-225x300.jpg 225w, https:\/\/www.dycker-alpakas.de\/wp-content\/uploads\/2022\/10\/IMG-20210402-WA0009-1152x1536.jpg 1152w, https:\/\/www.dycker-alpakas.de\/wp-content\/uploads\/2022\/10\/IMG-20210402-WA0009.jpg 1200w\" sizes=\"auto, (max-width: 768px) 100vw, 768px\" \/><\/figure><div class=\"wp-block-media-text__content\">\n<p><strong>Huacaya Alpaka<\/strong><\/p>\n\n\n\n<p><strong>Geburtsdatum: 21 September 2019<\/strong><\/p>\n\n\n\n<p>Ich bin zusammen mit Yaku aufgewachsen. Er ist wie ein kleiner Bruder f\u00fcr mich. In meiner Herde muss ich immer alles im Blick haben und bekomme schon mal schnell kleinere Geheimnisse mit. Bei Wanderungen bin ich flexibel und kann dabei verschiedene Positionen einnehmen. Mit Stress und lauten Ger\u00e4uschen kann ich gut umgehen. Nat\u00fcrlich kann ich auch viele K\u00fcsschen verteilen. Im Sommer kannst du mich mit dem Wasserschlauch abduschen, das finde ich gro\u00dfartig!<\/p>\n<\/div><\/div>\n\n\n\n<div class=\"wp-block-buttons is-layout-flex wp-block-buttons-is-layout-flex\">\n<div class=\"wp-block-button\"><a class=\"wp-block-button__link wp-element-button\" href=\"http:\/\/dycker-alpakas.de\/?p=225\">n\u00e4chster gef\u00e4hrte<\/a><\/div>\n\n\n\n<div class=\"wp-block-button\"><a class=\"wp-block-button__link wp-element-button\" href=\"http:\/\/dycker-alpakas.de\/?p=268\">zur patenschaft<\/a><\/div>\n<\/div>\n","protected":false},"excerpt":{"rendered":"<p>Huacaya Alpaka Geburtsdatum: 21 September 2019 Ich bin zusammen mit Yaku aufgewachsen. Er ist wie ein kleiner Bruder f\u00fcr mich. In meiner Herde muss ich immer alles im Blick haben und bekomme schon mal schnell kleinere Geheimnisse mit. Bei Wanderungen bin ich flexibel und kann dabei verschiedene Positionen einnehmen. Mit Stress und lauten Ger\u00e4uschen kann [&hellip;]<\/p>\n","protected":false},"author":1,"featured_media":0,"comment_status":"closed","ping_status":"","sticky":false,"template":"","format":"standard","meta":{"footnotes":""},"categories":[1],"tags":[],"class_list":["post-211","post","type-post","status-publish","format-standard","hentry","category-unsere-gefaehrten"],"_links":{"self":[{"href":"https:\/\/www.dycker-alpakas.de\/index.php?rest_route=\/wp\/v2\/posts\/211","targetHints":{"allow":["GET"]}}],"collection":[{"href":"https:\/\/www.dycker-alpakas.de\/index.php?rest_route=\/wp\/v2\/posts"}],"about":[{"href":"https:\/\/www.dycker-alpakas.de\/index.php?rest_route=\/wp\/v2\/types\/post"}],"author":[{"embeddable":true,"href":"https:\/\/www.dycker-alpakas.de\/index.php?rest_route=\/wp\/v2\/users\/1"}],"replies":[{"embeddable":true,"href":"https:\/\/www.dycker-alpakas.de\/index.php?rest_route=%2Fwp%2Fv2%2Fcomments&post=211"}],"version-history":[{"count":6,"href":"https:\/\/www.dycker-alpakas.de\/index.php?rest_route=\/wp\/v2\/posts\/211\/revisions"}],"predecessor-version":[{"id":671,"href":"https:\/\/www.dycker-alpakas.de\/index.php?rest_route=\/wp\/v2\/posts\/211\/revisions\/671"}],"wp:attachment":[{"href":"https:\/\/www.dycker-alpakas.de\/index.php?rest_route=%2Fwp%2Fv2%2Fmedia&parent=211"}],"wp:term":[{"taxonomy":"category","embeddable":true,"href":"https:\/\/www.dycker-alpakas.de\/index.php?rest_route=%2Fwp%2Fv2%2Fcategories&post=211"},{"taxonomy":"post_tag","embeddable":true,"href":"https:\/\/www.dycker-alpakas.de\/index.php?rest_route=%2Fwp%2Fv2%2Ftags&post=211"}],"curies":[{"name":"wp","href":"https:\/\/api.w.org\/{rel}","templated":true}]}}