{"id":207,"date":"2022-10-07T20:13:43","date_gmt":"2022-10-07T20:13:43","guid":{"rendered":"http:\/\/dycker-alpakas.de\/?p=207"},"modified":"2023-12-29T20:21:42","modified_gmt":"2023-12-29T20:21:42","slug":"yaku","status":"publish","type":"post","link":"https:\/\/www.dycker-alpakas.de\/?p=207","title":{"rendered":"Yaku"},"content":{"rendered":"\n<div class=\"wp-block-media-text alignwide is-stacked-on-mobile\"><figure class=\"wp-block-media-text__media\"><img loading=\"lazy\" decoding=\"async\" width=\"842\" height=\"1024\" src=\"http:\/\/dycker-alpakas.de\/wp-content\/uploads\/2023\/12\/IMG_8606_inPixio-842x1024.jpg\" alt=\"\" class=\"wp-image-414 size-full\" srcset=\"https:\/\/www.dycker-alpakas.de\/wp-content\/uploads\/2023\/12\/IMG_8606_inPixio-842x1024.jpg 842w, https:\/\/www.dycker-alpakas.de\/wp-content\/uploads\/2023\/12\/IMG_8606_inPixio-scaled-600x729.jpg 600w, https:\/\/www.dycker-alpakas.de\/wp-content\/uploads\/2023\/12\/IMG_8606_inPixio-247x300.jpg 247w, https:\/\/www.dycker-alpakas.de\/wp-content\/uploads\/2023\/12\/IMG_8606_inPixio-768x934.jpg 768w, https:\/\/www.dycker-alpakas.de\/wp-content\/uploads\/2023\/12\/IMG_8606_inPixio-1264x1536.jpg 1264w, https:\/\/www.dycker-alpakas.de\/wp-content\/uploads\/2023\/12\/IMG_8606_inPixio-1685x2048.jpg 1685w, https:\/\/www.dycker-alpakas.de\/wp-content\/uploads\/2023\/12\/IMG_8606_inPixio-1200x1459.jpg 1200w, https:\/\/www.dycker-alpakas.de\/wp-content\/uploads\/2023\/12\/IMG_8606_inPixio-1980x2407.jpg 1980w\" sizes=\"auto, (max-width: 842px) 100vw, 842px\" \/><\/figure><div class=\"wp-block-media-text__content\">\n<p><strong>Huacaya Alpaka<\/strong><\/p>\n\n\n\n<p><strong>Geburtsdatum: 27 Juni 2019<\/strong><\/p>\n\n\n\n<p>Ich bin zusammen mit Amaru aufgewachsen, er passt immer auf mich auf und sagt mir auch schon mal richtig die Meinung. Ich traue mich nicht allein zu laufen, auch wenn es nur ein paar Schritte sind. Deshalb f\u00fchle ich mich bei Wanderungen in der Mitte am wohlsten. Ich kann dir ganz viele K\u00fcsse geben und h\u00f6re dann fast nicht mehr auf. Wenn du mir etwas Leckeres zu fressen geben m\u00f6chtest, bitte nicht aus der Hand. Da bin ich etwas grobmotorisch, sodass es zwicken k\u00f6nnte. Mit meinem Kumpel Luis, besuche ich auch gerne soziale Einrichtungen, das ist richtig spannend!<\/p>\n<\/div><\/div>\n\n\n\n<div class=\"wp-block-buttons is-layout-flex wp-block-buttons-is-layout-flex\">\n<div class=\"wp-block-button\"><a class=\"wp-block-button__link\" href=\"http:\/\/dycker-alpakas.de\/?p=211\">n\u00e4chster gef\u00e4hrte<\/a><\/div>\n\n\n\n<div class=\"wp-block-button\"><a class=\"wp-block-button__link\" href=\"http:\/\/dycker-alpakas.de\/?p=268\">zur patenschaft<\/a><\/div>\n<\/div>\n","protected":false},"excerpt":{"rendered":"<p>Huacaya Alpaka Geburtsdatum: 27 Juni 2019 Ich bin zusammen mit Amaru aufgewachsen, er passt immer auf mich auf und sagt mir auch schon mal richtig die Meinung. Ich traue mich nicht allein zu laufen, auch wenn es nur ein paar Schritte sind. Deshalb f\u00fchle ich mich bei Wanderungen in der Mitte am wohlsten. Ich kann [&hellip;]<\/p>\n","protected":false},"author":1,"featured_media":0,"comment_status":"closed","ping_status":"","sticky":false,"template":"","format":"standard","meta":{"footnotes":""},"categories":[1],"tags":[],"class_list":["post-207","post","type-post","status-publish","format-standard","hentry","category-unsere-gefaehrten"],"_links":{"self":[{"href":"https:\/\/www.dycker-alpakas.de\/index.php?rest_route=\/wp\/v2\/posts\/207","targetHints":{"allow":["GET"]}}],"collection":[{"href":"https:\/\/www.dycker-alpakas.de\/index.php?rest_route=\/wp\/v2\/posts"}],"about":[{"href":"https:\/\/www.dycker-alpakas.de\/index.php?rest_route=\/wp\/v2\/types\/post"}],"author":[{"embeddable":true,"href":"https:\/\/www.dycker-alpakas.de\/index.php?rest_route=\/wp\/v2\/users\/1"}],"replies":[{"embeddable":true,"href":"https:\/\/www.dycker-alpakas.de\/index.php?rest_route=%2Fwp%2Fv2%2Fcomments&post=207"}],"version-history":[{"count":5,"href":"https:\/\/www.dycker-alpakas.de\/index.php?rest_route=\/wp\/v2\/posts\/207\/revisions"}],"predecessor-version":[{"id":416,"href":"https:\/\/www.dycker-alpakas.de\/index.php?rest_route=\/wp\/v2\/posts\/207\/revisions\/416"}],"wp:attachment":[{"href":"https:\/\/www.dycker-alpakas.de\/index.php?rest_route=%2Fwp%2Fv2%2Fmedia&parent=207"}],"wp:term":[{"taxonomy":"category","embeddable":true,"href":"https:\/\/www.dycker-alpakas.de\/index.php?rest_route=%2Fwp%2Fv2%2Fcategories&post=207"},{"taxonomy":"post_tag","embeddable":true,"href":"https:\/\/www.dycker-alpakas.de\/index.php?rest_route=%2Fwp%2Fv2%2Ftags&post=207"}],"curies":[{"name":"wp","href":"https:\/\/api.w.org\/{rel}","templated":true}]}}