{"id":202,"date":"2022-10-07T20:07:20","date_gmt":"2022-10-07T20:07:20","guid":{"rendered":"http:\/\/dycker-alpakas.de\/?p=202"},"modified":"2022-10-28T20:26:11","modified_gmt":"2022-10-28T20:26:11","slug":"pepe-von-rabensteyn","status":"publish","type":"post","link":"https:\/\/www.dycker-alpakas.de\/?p=202","title":{"rendered":"Pepe von Rabensteyn"},"content":{"rendered":"\n<div class=\"wp-block-media-text alignwide is-stacked-on-mobile\"><figure class=\"wp-block-media-text__media\"><img loading=\"lazy\" decoding=\"async\" width=\"788\" height=\"1024\" src=\"http:\/\/dycker-alpakas.de\/wp-content\/uploads\/2022\/10\/IMG_8155_inPixio-Copy-788x1024.jpg\" alt=\"\" class=\"wp-image-203 size-full\" srcset=\"https:\/\/www.dycker-alpakas.de\/wp-content\/uploads\/2022\/10\/IMG_8155_inPixio-Copy-788x1024.jpg 788w, https:\/\/www.dycker-alpakas.de\/wp-content\/uploads\/2022\/10\/IMG_8155_inPixio-Copy-scaled-600x779.jpg 600w, https:\/\/www.dycker-alpakas.de\/wp-content\/uploads\/2022\/10\/IMG_8155_inPixio-Copy-231x300.jpg 231w, https:\/\/www.dycker-alpakas.de\/wp-content\/uploads\/2022\/10\/IMG_8155_inPixio-Copy-768x998.jpg 768w, https:\/\/www.dycker-alpakas.de\/wp-content\/uploads\/2022\/10\/IMG_8155_inPixio-Copy-1182x1536.jpg 1182w, https:\/\/www.dycker-alpakas.de\/wp-content\/uploads\/2022\/10\/IMG_8155_inPixio-Copy-1577x2048.jpg 1577w, https:\/\/www.dycker-alpakas.de\/wp-content\/uploads\/2022\/10\/IMG_8155_inPixio-Copy-1200x1559.jpg 1200w, https:\/\/www.dycker-alpakas.de\/wp-content\/uploads\/2022\/10\/IMG_8155_inPixio-Copy-1980x2572.jpg 1980w, https:\/\/www.dycker-alpakas.de\/wp-content\/uploads\/2022\/10\/IMG_8155_inPixio-Copy-scaled.jpg 1971w\" sizes=\"auto, (max-width: 788px) 100vw, 788px\" \/><\/figure><div class=\"wp-block-media-text__content\">\n<p><strong>Classic Lama<\/strong><\/p>\n\n\n\n<p><strong>Geburtsdatum: 4. April 2014<\/strong><\/p>\n\n\n\n<p>Ich bin zusammen mit meinem besten Kumpel Samson aufgewachsen. Beim Wandern gehe ich immer als erstes. Packtaschen kann ich auch tragen. Auf der Weide stelle ich mich gerne auf den Sandh\u00fcgel und gebe ein bisschen an. Manchmal komme ich nah zu dir und gebe ich dir vorsichtig ein K\u00fcsschen auf die Wange. Wenn du dich langsam bewegst, kannst du mich sogar streicheln. Ich bin der zweitgr\u00f6\u00dfte in meiner Herde!<\/p>\n<\/div><\/div>\n\n\n\n<div class=\"wp-block-buttons is-layout-flex wp-block-buttons-is-layout-flex\">\n<div class=\"wp-block-button\"><a class=\"wp-block-button__link\" href=\"http:\/\/dycker-alpakas.de\/?p=207\">n\u00e4chster gef\u00e4hrte<\/a><\/div>\n\n\n\n<div class=\"wp-block-button\"><a class=\"wp-block-button__link\" href=\"http:\/\/dycker-alpakas.de\/?p=268\">zur patenschaft<\/a><\/div>\n<\/div>\n","protected":false},"excerpt":{"rendered":"<p>Classic Lama Geburtsdatum: 4. April 2014 Ich bin zusammen mit meinem besten Kumpel Samson aufgewachsen. Beim Wandern gehe ich immer als erstes. Packtaschen kann ich auch tragen. Auf der Weide stelle ich mich gerne auf den Sandh\u00fcgel und gebe ein bisschen an. Manchmal komme ich nah zu dir und gebe ich dir vorsichtig ein K\u00fcsschen [&hellip;]<\/p>\n","protected":false},"author":1,"featured_media":0,"comment_status":"closed","ping_status":"","sticky":false,"template":"","format":"standard","meta":{"footnotes":""},"categories":[1],"tags":[],"class_list":["post-202","post","type-post","status-publish","format-standard","hentry","category-unsere-gefaehrten"],"_links":{"self":[{"href":"https:\/\/www.dycker-alpakas.de\/index.php?rest_route=\/wp\/v2\/posts\/202","targetHints":{"allow":["GET"]}}],"collection":[{"href":"https:\/\/www.dycker-alpakas.de\/index.php?rest_route=\/wp\/v2\/posts"}],"about":[{"href":"https:\/\/www.dycker-alpakas.de\/index.php?rest_route=\/wp\/v2\/types\/post"}],"author":[{"embeddable":true,"href":"https:\/\/www.dycker-alpakas.de\/index.php?rest_route=\/wp\/v2\/users\/1"}],"replies":[{"embeddable":true,"href":"https:\/\/www.dycker-alpakas.de\/index.php?rest_route=%2Fwp%2Fv2%2Fcomments&post=202"}],"version-history":[{"count":4,"href":"https:\/\/www.dycker-alpakas.de\/index.php?rest_route=\/wp\/v2\/posts\/202\/revisions"}],"predecessor-version":[{"id":277,"href":"https:\/\/www.dycker-alpakas.de\/index.php?rest_route=\/wp\/v2\/posts\/202\/revisions\/277"}],"wp:attachment":[{"href":"https:\/\/www.dycker-alpakas.de\/index.php?rest_route=%2Fwp%2Fv2%2Fmedia&parent=202"}],"wp:term":[{"taxonomy":"category","embeddable":true,"href":"https:\/\/www.dycker-alpakas.de\/index.php?rest_route=%2Fwp%2Fv2%2Fcategories&post=202"},{"taxonomy":"post_tag","embeddable":true,"href":"https:\/\/www.dycker-alpakas.de\/index.php?rest_route=%2Fwp%2Fv2%2Ftags&post=202"}],"curies":[{"name":"wp","href":"https:\/\/api.w.org\/{rel}","templated":true}]}}